{"id":1057,"date":"2015-08-03T14:01:42","date_gmt":"2015-08-03T17:01:42","guid":{"rendered":"http:\/\/etecia.com.br\/portaletecia\/?p=1057"},"modified":"2015-08-03T14:01:42","modified_gmt":"2015-08-03T17:01:42","slug":"abertas-inscricoes-para-intercambio-cultural-2015-2","status":"publish","type":"post","link":"https:\/\/etecia.com.br\/?p=1057","title":{"rendered":"Abertas Inscri\u00e7\u00f5es para Interc\u00e2mbio Cultural 2015"},"content":{"rendered":"<p>O Centro Paula Souza inicia nesta data o processo de Sele\u00e7\u00e3o dos <strong><em>Alunos dos Cursos T\u00e9cnico e Tecnol\u00f3gico <\/em><\/strong>para o Programa de Interc\u00e2mbio. Ser\u00e3o ofertadas 276 bolsas para um <strong><em>Curso de Imers\u00e3o em L\u00edngua Inglesa,<\/em><\/strong> divididas entre Estados Unidos e Inglaterra; e 40 bolsas para um <strong><em>Curso de Imers\u00e3o de L\u00edngua Espanhola, <\/em><\/strong>divididas entre Argentina e Chile, aos melhores ALUNOS CONCLUINTES DO PRIMEIRO e SEGUNDO SEMESTRES LETIVOS DE 2015. Entende-se por concluinte o aluno que cumpriu todos os componentes curriculares de seu curso, inclusive Trabalhos de Gradua\u00e7\u00e3o e Est\u00e1gios, quando este for o caso. Para participar do processo seletivo \u00e9 necess\u00e1rio que o perfil do aluno seja condizente com o programa, conforme segue:<\/p>\n<p><strong>INFORMA\u00c7\u00d5ES SOBRE O PROGRAMA &#8211; Ingl\u00eas<\/strong><\/p>\n<p><strong>Participantes &#8211; L\u00edngua Inglesa: <\/strong>CONCLUINTES do PRIMEIRO e do SEGUNDO SEMESTRES LETIVOS DE 2015 dos cursos T\u00c9CNICOS, T\u00c9CNICO INTEGRADO AO M\u00c9DIO, A DIST\u00c2NCIA, E TECNOL\u00d3GICOS do Centro Paula Souza.<\/p>\n<p><strong>N\u00famero total de vagas:<\/strong> 276<\/p>\n<p><strong>Distribui\u00e7\u00e3o das vagas:<\/strong> 1 vaga por unidade de ensino da rede (215 Etecs, 56 Fatecs, 5 Teletec).<\/p>\n<p><strong>* Todas as unidades com alunos formandos podem participar.<\/strong><\/p>\n<p><strong>\u00a0<\/strong><\/p>\n<p><strong>INFORMA\u00c7\u00d5ES SOBRE O PROGRAMA \u2013 ESPANHOL<\/strong><\/p>\n<p><strong>Participantes &#8211; L\u00edngua Espanhola \u2013 <\/strong>CONCLUINTES do PRIMEIRO e do SEGUNDO SEMESTRES LETIVOS DE 2015 dos cursos T\u00c9CNICOS E TECNOL\u00d3GICOS do Centro Paula Souza.<\/p>\n<p><strong>N\u00famero total de vagas:<\/strong> 40 (20 para Etecs e 20 para Fatecs).<\/p>\n<p><strong>Distribui\u00e7\u00e3o das vagas:<\/strong> 1 vaga por unidade*<\/p>\n<p><strong>*somente para cursos e unidades (selecionadas) que possuem a disciplina \u201cEspanhol\u201d na matriz curricular, conforme Anexo I (Etec) e Anexo II (Fatec). Os alunos podem fazer a escolha de qual Interc\u00e2mbio participar, Espanhol ou Ingl\u00eas, valendo SOMENTE a primeira inscri\u00e7\u00e3o.<\/strong><\/p>\n<p><strong>\u00a0<\/strong><\/p>\n<p>Alunos inscritos em duplicidade ter\u00e3o a segunda inscri\u00e7\u00e3o exclu\u00edda.<\/p>\n<p>&nbsp;<\/p>\n<ul>\n<li><strong>Condi\u00e7\u00f5es para a Valida\u00e7\u00e3o das Inscri\u00e7\u00f5es: <\/strong>\n<ol>\n<li>Ser aluno concluinte em CURSO T\u00c9CNICO, T\u00c9CNICO INTEGRADO AO M\u00c9DIO ou TECNOL\u00d3GICO no <strong>ANO de 2015<\/strong>;<\/li>\n<li>No caso de Etec, n\u00e3o ter men\u00e7\u00f5es finais I e\/ou R, e ter 75% de frequ\u00eancia m\u00ednima no curso; n\u00e3o ter nenhum registro escrito de advert\u00eancia ou pena disciplinar (atual ou outra) desde o 1\u00ba m\u00f3dulo;<\/li>\n<\/ol>\n<\/li>\n<\/ul>\n<p>&nbsp;<\/p>\n<p><strong>Crit\u00e9rios de classifica\u00e7\u00e3o:<\/strong><\/p>\n<ul>\n<li>Etec: O desempenho global ser\u00e1 calculado por meio da an\u00e1lise da porcentagem de men\u00e7\u00f5es MB em rela\u00e7\u00e3o ao n\u00famero total de men\u00e7\u00f5es, de acordo com a an\u00e1lise das Atas de Conselho de Classe Intermedi\u00e1rio e Final de todos os m\u00f3dulos &#8211; atual e anterior(es). Caber\u00e1 ao Conselho de Escola validar a classifica\u00e7\u00e3o e, em caso de empate, definir o primeiro classificado atrav\u00e9s da an\u00e1lise da assiduidade. Se ainda assim permanecer o empate, dever\u00e1 ser considerada a participa\u00e7\u00e3o do aluno na vida escolar (atividades extraclasses e de natureza social).<\/li>\n<li>Teletec: Maior pontua\u00e7\u00e3o somada nas avalia\u00e7\u00f5es oficiais do 1\u00ba, 2\u00ba e 3\u00ba M\u00f3dulos. Em caso de empate ser\u00e3o contabilizadas as men\u00e7\u00f5es das avalia\u00e7\u00f5es formativas.<\/li>\n<li>Fatec: Melhor \u00cdndice de interc\u00e2mbio no ano, entre todos os cursos e per\u00edodos. Forma de c\u00e1lculo: m\u00e9dia do aluno dos semestres cursados dividida pela m\u00e9dia da sala do aluno no mesmo curso e per\u00edodo (os alunos que entram no c\u00f4mputo da m\u00e9dia da sala devem ter PP superior a 83%, calculado conforme Artigo 88 do Regulamento de Gradua\u00e7\u00e3o). A frequ\u00eancia do aluno ser\u00e1 usada como crit\u00e9rio de desempate.<\/li>\n<\/ul>\n<p><strong>Total de Alunos indicados para o Programa: <\/strong><\/p>\n<p><strong>Ingl\u00eas: <\/strong>5 alunos por unidade (1 classificado \u2013 4 em lista de espera).<\/p>\n<p><strong>Espanhol:<\/strong> 3 alunos por unidade (1 classificado \u2013 2 em lista de espera).<\/p>\n<p>&nbsp;<\/p>\n<p><strong>Tipo de Curso: <\/strong>4 semanas de curso intensivo de espanhol\/ingl\u00eas em escolas internacionais. Os alunos ser\u00e3o avaliados em teste de nivelamento pela escola que oferece o curso e matriculados de acordo com o n\u00edvel de conhecimento.<\/p>\n<p><strong>Tipos de Acomoda\u00e7\u00e3o:<\/strong> casa de fam\u00edlia e\/ou resid\u00eancia estudantil, conforme pa\u00eds de destino, em quarto individual ou duplo.<\/p>\n<p><strong>Alimenta\u00e7\u00e3o:<\/strong> m\u00ednimo de meia pens\u00e3o (caf\u00e9 da manh\u00e3 e jantar) todos os dias.<\/p>\n<p><strong>Ajuda de custo:<\/strong> cada participante receber\u00e1 uma ajuda de custo de 400,00 (quatrocentos) \u2013 d\u00f3lares americanos ou libras esterlinas, conforme pa\u00eds de destino. Essa quantia ser\u00e1 depositada em cart\u00e3o de viagem.<\/p>\n<p><strong>Transporte A\u00e9reo:<\/strong> Passagem a\u00e9rea em classe econ\u00f4mica, priorizando o menor n\u00famero de conex\u00f5es poss\u00edveis.<\/p>\n<p><strong>Traslados (transporte no trajeto aeroporto &#8211; casa de fam\u00edlia\/ resid\u00eancia estudantil \u2013 aeroporto):<\/strong> Esse transporte ser\u00e1 oferecido com in\u00edcio no aeroporto de chegada aos pa\u00edses.<\/p>\n<p><strong>Transporte nos Pa\u00edses:<\/strong> \u00d4nibus, metr\u00f4 ou outros meios de transporte p\u00fablicos no trajeto Casa de Fam\u00edlia \u2013 Escola \u2013 Casa de Fam\u00edlia.<\/p>\n<p><strong>Seguro:<\/strong> Seguros viagem e sa\u00fade para todos os intercambistas.<\/p>\n<p><strong>Desist\u00eancias: <\/strong>Cancelamentos com anteced\u00eancia de 30 (trinta) dias ou mais da data de embarque: poder\u00e1 haver substitui\u00e7\u00e3o do intercambista sem \u00f4nus ao Centro Paula Souza. Cancelamentos com anteced\u00eancia igual ou inferior a 29 (vinte e nove) dias da data de embarque: cabe \u00e0 ag\u00eancia avaliar se h\u00e1 possibilidade de substitui\u00e7\u00e3o do aluno.<\/p>\n<p><strong>Custos: <\/strong>As despesas com os documentos pessoais, transporte para reuni\u00f5es ou para entrevistas no consulado ser\u00e3o por conta do participante.<\/p>\n<p><strong>Datas de Embarque prov\u00e1veis:<\/strong> os embarques ser\u00e3o efetuados em 2016, em meses de baixa temporada, conforme estabelecido pela Comiss\u00e3o Coordenadora do Programa de Interc\u00e2mbio.<\/p>\n<p><strong>Cronograma de atividades:<\/strong><\/p>\n<p><strong>\u00a0<\/strong><\/p>\n<table width=\"448\">\n<tbody>\n<tr>\n<td width=\"306\"><strong>A\u00e7\u00f5es <\/strong><\/td>\n<td width=\"142\"><strong>Datas <\/strong><\/td>\n<\/tr>\n<tr>\n<td width=\"306\">Inscri\u00e7\u00f5es<\/td>\n<td width=\"142\">At\u00e9 01\/09\/2015 \u00e0s 17 horas<\/td>\n<\/tr>\n<tr>\n<td width=\"306\">Lan\u00e7amento de notas no sistema pela Unidade de Ensino<\/td>\n<td width=\"142\">At\u00e9 25\/02\/2016<\/td>\n<\/tr>\n<tr>\n<td width=\"306\">Divulga\u00e7\u00e3o da Lista dos 5 primeiros colocados por unidade<\/td>\n<td width=\"142\"><strong>Data a definir &#8211; a partir de mar\u00e7o\/2016<\/strong><\/td>\n<\/tr>\n<tr>\n<td width=\"306\">Prazo para recursos<\/td>\n<td width=\"142\">7 dias a partir da publica\u00e7\u00e3o<\/td>\n<\/tr>\n<\/tbody>\n<\/table>\n<p>&nbsp;<\/p>\n<p><strong>Inscri\u00e7\u00f5es: <\/strong>para participar, o aluno deve acessar o site:<\/p>\n<p><a href=\"http:\/\/intercambio.fatgestao.org.br\/\" class=\"broken_link\"><strong>http:\/\/intercambio.fatgestao.org.br\/<\/strong><\/a><\/p>\n<p><strong>\u00a0<\/strong><\/p>\n<p><strong>Processo de Valida\u00e7\u00e3o: <\/strong>as unidades de ensino receber\u00e3o instru\u00e7\u00f5es e um link do sistema para fazerem a inclus\u00e3o de notas, bem como o processo de valida\u00e7\u00e3o do status final dos alunos.<\/p>\n","protected":false},"excerpt":{"rendered":"<p>O Centro Paula Souza inicia nesta data o processo de Sele\u00e7\u00e3o dos Alunos dos Cursos T\u00e9cnico e Tecnol\u00f3gico para o Programa de Interc\u00e2mbio. Ser\u00e3o ofertadas 276 bolsas para um Curso de Imers\u00e3o em L\u00edngua Inglesa, divididas entre Estados Unidos e Inglaterra; e 40 bolsas para um Curso de Imers\u00e3o de L\u00edngua Espanhola, divididas entre Argentina&nbsp;&hellip;<\/p>\n","protected":false},"author":1,"featured_media":0,"comment_status":"closed","ping_status":"open","sticky":false,"template":"","format":"standard","meta":[],"categories":[2],"tags":[],"_links":{"self":[{"href":"https:\/\/etecia.com.br\/index.php?rest_route=\/wp\/v2\/posts\/1057"}],"collection":[{"href":"https:\/\/etecia.com.br\/index.php?rest_route=\/wp\/v2\/posts"}],"about":[{"href":"https:\/\/etecia.com.br\/index.php?rest_route=\/wp\/v2\/types\/post"}],"author":[{"embeddable":true,"href":"https:\/\/etecia.com.br\/index.php?rest_route=\/wp\/v2\/users\/1"}],"replies":[{"embeddable":true,"href":"https:\/\/etecia.com.br\/index.php?rest_route=%2Fwp%2Fv2%2Fcomments&post=1057"}],"version-history":[{"count":0,"href":"https:\/\/etecia.com.br\/index.php?rest_route=\/wp\/v2\/posts\/1057\/revisions"}],"wp:attachment":[{"href":"https:\/\/etecia.com.br\/index.php?rest_route=%2Fwp%2Fv2%2Fmedia&parent=1057"}],"wp:term":[{"taxonomy":"category","embeddable":true,"href":"https:\/\/etecia.com.br\/index.php?rest_route=%2Fwp%2Fv2%2Fcategories&post=1057"},{"taxonomy":"post_tag","embeddable":true,"href":"https:\/\/etecia.com.br\/index.php?rest_route=%2Fwp%2Fv2%2Ftags&post=1057"}],"curies":[{"name":"wp","href":"https:\/\/api.w.org\/{rel}","templated":true}]}}