{"id":1028,"date":"2015-06-09T15:33:55","date_gmt":"2015-06-09T18:33:55","guid":{"rendered":"http:\/\/etecia.com.br\/portaletecia\/?p=1028"},"modified":"2015-06-09T15:33:55","modified_gmt":"2015-06-09T18:33:55","slug":"aviso-de-convocacao-no-06","status":"publish","type":"post","link":"https:\/\/etecia.com.br\/?p=1028","title":{"rendered":"AVISO DE CONVOCA\u00c7\u00c3O N\u00ba 06"},"content":{"rendered":"<p>O Diretor de Escola T\u00e9cnica da ETEC IRM\u00c3 AGOSTINA, considerando a ocorr\u00eancia de aulas, <strong>e com fundamento no item 10 do inciso IX do Comunicado CEETEPS<\/strong> n\u00ba 1, de 30\/01\/2009, publicado no DOE de 31\/01\/2009, <strong>CONVOCA<\/strong> o(s) candidato(s) abaixo relacionado(s), para escolha de aula, no(s) dia(s) e hor\u00e1rio(s) indicado(s).<\/p>\n<p>O candidato convocado comparecer\u00e1 com documento de identidade ou far-se-\u00e1 representar por procurador constitu\u00eddo, munido de documento de identidade do procurador.<\/p>\n<p>A escolha e atribui\u00e7\u00e3o de aulas obedecer\u00e1 rigorosamente a prefer\u00eancia de titula\u00e7\u00e3o e a ordem de classifica\u00e7\u00e3o final, respeitando o disposto no item 6, do inciso VII do Comunicado CEETEPS n\u00ba 01\/2009. O candidato s\u00f3 poder\u00e1 escolher e ter aulas atribu\u00eddas no componente e\/ou componente constante de um grupo de componentes curriculares que se inscreveu e obteve \u00eaxito, exceto na situa\u00e7\u00e3o prevista no subitem 7.1, do mesmo inciso, com altera\u00e7\u00f5es introduzidas pelo Comunicado CEETEPS \u2013 5, de 29, publicado no DOE e 30.10.2009. Escolhidas e atribu\u00eddas as aulas o candidato n\u00e3o aproveitado aguardar\u00e1 nova oportunidade de convoca\u00e7\u00e3o.<\/p>\n<p>O candidato que n\u00e3o atender \u00e0 convoca\u00e7\u00e3o para formalizar a contrata\u00e7\u00e3o, ter\u00e1 exaurido os direitos decorrentes de sua habilita\u00e7\u00e3o no processo seletivo.<\/p>\n<p>Observar-se-\u00e1 para o in\u00edcio do exerc\u00edcio o disposto no item 9 do inciso VII do Comunicado CEETEPS n\u00ba 1\/2009.<\/p>\n<p>&nbsp;<\/p>\n<p>Endere\u00e7o: Av. Feliciano Correia, s\/n\u00ba<\/p>\n<p>Bairro: Jardim Sat\u00e9lite \u00a0\u00a0\u00a0Cidade S\u00e3o Paulo &#8211; \u00a0\u00a0Telefone 5667-3971<\/p>\n<p>e-mail \u00a0op238@centropaulasouza.sp.gov.br<\/p>\n<p>&nbsp;<\/p>\n<p>&nbsp;<\/p>\n<p>Componente Curricular: 05. L\u00edngua Portuguesa e Literatura &#8211; n\u00ba aulas: 11,0 aulas em substitui\u00e7\u00e3o.<\/p>\n<p>N\u00ba de Inscri\u00e7\u00e3o\/ Nome\/ RG\/ Classifica\u00e7\u00e3o Final<\/p>\n<p>&#8211; Licenciada<\/p>\n<p>80\/Denise Carmem dos Santos Longo\/22.093.887-8\/2\u00ba<\/p>\n<p>&nbsp;<\/p>\n<p>&nbsp;<\/p>\n<p>&nbsp;<\/p>\n<p>&nbsp;<\/p>\n<p>&nbsp;<\/p>\n<p>Data 11\/06\/2015 \u00e1s 11:00hrs<\/p>\n<p>&nbsp;<\/p>\n","protected":false},"excerpt":{"rendered":"<p>O Diretor de Escola T\u00e9cnica da ETEC IRM\u00c3 AGOSTINA, considerando a ocorr\u00eancia de aulas, e com fundamento no item 10 do inciso IX do Comunicado CEETEPS n\u00ba 1, de 30\/01\/2009, publicado no DOE de 31\/01\/2009, CONVOCA o(s) candidato(s) abaixo relacionado(s), para escolha de aula, no(s) dia(s) e hor\u00e1rio(s) indicado(s). O candidato convocado comparecer\u00e1 com documento&nbsp;&hellip;<\/p>\n","protected":false},"author":1,"featured_media":0,"comment_status":"closed","ping_status":"open","sticky":false,"template":"","format":"standard","meta":[],"categories":[8,2],"tags":[],"_links":{"self":[{"href":"https:\/\/etecia.com.br\/index.php?rest_route=\/wp\/v2\/posts\/1028"}],"collection":[{"href":"https:\/\/etecia.com.br\/index.php?rest_route=\/wp\/v2\/posts"}],"about":[{"href":"https:\/\/etecia.com.br\/index.php?rest_route=\/wp\/v2\/types\/post"}],"author":[{"embeddable":true,"href":"https:\/\/etecia.com.br\/index.php?rest_route=\/wp\/v2\/users\/1"}],"replies":[{"embeddable":true,"href":"https:\/\/etecia.com.br\/index.php?rest_route=%2Fwp%2Fv2%2Fcomments&post=1028"}],"version-history":[{"count":0,"href":"https:\/\/etecia.com.br\/index.php?rest_route=\/wp\/v2\/posts\/1028\/revisions"}],"wp:attachment":[{"href":"https:\/\/etecia.com.br\/index.php?rest_route=%2Fwp%2Fv2%2Fmedia&parent=1028"}],"wp:term":[{"taxonomy":"category","embeddable":true,"href":"https:\/\/etecia.com.br\/index.php?rest_route=%2Fwp%2Fv2%2Fcategories&post=1028"},{"taxonomy":"post_tag","embeddable":true,"href":"https:\/\/etecia.com.br\/index.php?rest_route=%2Fwp%2Fv2%2Ftags&post=1028"}],"curies":[{"name":"wp","href":"https:\/\/api.w.org\/{rel}","templated":true}]}}